{"id":11182,"date":"2021-07-26T08:06:47","date_gmt":"2021-07-26T08:06:47","guid":{"rendered":"https:\/\/www.promarca.ch\/?p=11182"},"modified":"2021-07-23T08:08:16","modified_gmt":"2021-07-23T08:08:16","slug":"meilleur-employeur-de-suisse-quest-ce-qui-distingue-rivella","status":"publish","type":"post","link":"https:\/\/www.promarca.ch\/fr\/meilleur-employeur-de-suisse-quest-ce-qui-distingue-rivella\/","title":{"rendered":"Meilleur employeur de Suisse : qu\u2019est-ce qui distingue Rivella ?"},"content":{"rendered":"<p>Chaque ann\u00e9e, le Handelszeitung et Le Temps d\u00e9terminent les meilleurs employeurs de Suisse dans le cadre d\u2019une \u00e9tude repr\u00e9sentative. En 2021, c\u2019est le producteur de boissons Rivella SA qui a obtenu la premi\u00e8re place. Markus Krienb\u00fchl, responsable People &amp; Culture, est convaincu que cette distinction n\u2019est pas le fruit du hasard. Il s\u2019agit au contraire du r\u00e9sultat d\u2019un investissement \u00e0 long terme visant \u00e0 renforcer et \u00e0 d\u00e9velopper la culture d\u2019entreprise et la marque employeur. Dans notre interview, Markus Krienb\u00fchl livre un aper\u00e7u de la culture d\u2019entreprise particuli\u00e8re de Rivella.<\/p>\n<p>&nbsp;<\/p>\n<p><strong>Qu\u2019est-ce qui a permis \u00e0 Rivella de se classer en t\u00eate des meilleurs employeurs de Suisse ?<\/strong><\/p>\n<p>\u00c0 mon avis, il n\u2019existe pas de r\u00e9ponse simple \u00e0 cette question. Les facteurs sont nombreux. Il est certain que notre culture d\u2019entreprise, fond\u00e9e sur la confiance, le respect et la reconnaissance, joue un r\u00f4le essentiel. Nous sommes persuad\u00e9s qu\u2019un examen continu et constant de la culture d\u2019entreprise ainsi que la conception et le d\u00e9veloppement r\u00e9fl\u00e9chis de celle-ci \u00e0 diff\u00e9rents niveaux constituent un facteur de r\u00e9ussite essentiel pour relever les d\u00e9fis auxquels nous faisons face, et ont une influence consid\u00e9rable sur l\u2019engagement, la satisfaction et la motivation de nos colla-borateurs.<\/p>\n<p>&nbsp;<\/p>\n<p><iframe title=\"YouTube video player\" src=\"https:\/\/www.youtube.com\/embed\/p2XxOASFW2U\" width=\"560\" height=\"315\" frameborder=\"0\" allowfullscreen=\"allowfullscreen\"><\/iframe><\/p>\n<p>&nbsp;<\/p>\n<p><strong>Qu\u2019est-ce qui caract\u00e9rise la culture d\u2019entreprise chez Rivella ?<\/strong><\/p>\n<p>Nous avons r\u00e9cemment pos\u00e9 cette question \u00e0 nos cadres. En r\u00e9sum\u00e9, notre culture d\u2019entreprise repose sur une base solide, tourn\u00e9e vers les individus, qui met l\u2019accent sur la confiance, la reconnaissance et le respect. Nous accordons une grande libert\u00e9 de conception et de d\u00e9cision, mais nous l\u2019exigeons aussi. Enfin, l\u2019atmosph\u00e8re fami-liale, l\u2019esprit d\u2019\u00e9quipe et le fort engagement envers Rivella sont des \u00e9l\u00e9ments typiques de notre culture d\u2019entreprise.<\/p>\n<p>&nbsp;<\/p>\n<p><strong>Quelles r\u00e9actions cette distinction a-t-elle provoqu\u00e9es parmi vos employ\u00e9s et aupr\u00e8s du grand public ?<\/strong><\/p>\n<p>Ce prix a suscit\u00e9 un engouement extraordinaire tant au sein de l\u2019entreprise qu\u2019\u00e0 l\u2019ext\u00e9rieur. Cette distinction a rendu les collaborateurs tr\u00e8s heureux. Pour nous tous, elle est arriv\u00e9e \u00e0 point nomm\u00e9, apr\u00e8s une p\u00e9riode difficile due \u00e0 la pand\u00e9mie. Ce fut un vrai \u00ab remontant \u00bb. La fiert\u00e9 et la certitude de travailler pour le meilleur employeur continuent de se faire sentir et sont vraiment visibles et palpables. Ce prix a \u00e9galement suscit\u00e9 une grande joie \u00e0 l\u2019ext\u00e9rieur de l\u2019entreprise. Les innombrables retours et f\u00e9licitations nous ont montr\u00e9 que Rivella est une marque appr\u00e9ci\u00e9e et que la joie est partag\u00e9e d\u2019avoir obtenu ce prix et, surtout, d\u2019avoir r\u00e9ussi, en tant qu\u2019entreprise suisse de taille moyenne, \u00e0 devancer de (grandes) entreprises nationales et internationales de renom.<\/p>\n<p>&nbsp;<\/p>\n<p><strong>Qu\u2019est-il n\u00e9cessaire d\u2019entreprendre pour que Rivella reste \u00e0 l\u2019avenir l\u2019un des meilleurs employeurs de Suisse ?<\/strong><\/p>\n<p>Il est important que nous ne nous reposions pas sur nos lauriers. Nous voulons et devons nous d\u00e9velopper en tant qu\u2019organisation, nous maintenir en forme et rester un employeur attrayant non seulement pour nos collaborateurs, mais aussi sur le march\u00e9 du travail. Conscients que la culture d\u2019entreprise et le leadership sont des facteurs essen-tiels, nous poursuivrons le d\u00e9veloppement de notre culture en visant de nouveaux objectifs.<\/p>\n<p>&nbsp;<\/p>\n<p><strong>D\u2019apr\u00e8s vous, quelles sont les mesures \u00e0 prendre ?<\/strong><\/p>\n<p>Le monde du travail \u00e9volue \u00e9galement et subit de profonds changements. En tant qu\u2019employeur, nous faisons face \u00e0 de grands d\u00e9fis. Il faut les anticiper en tenant compte du \u00ab New Work \u00bb et trouver des solutions adapt\u00e9es. Nous voulons et devons donc continuer \u00e0 d\u00e9velopper de mani\u00e8re cibl\u00e9e notre culture d\u2019entreprise, \u00eatre pr\u00eats \u00e0 nous trans-former, apprendre de nouvelles choses et nous d\u00e9barrasser de ce qui n\u2019est plus d\u2019actualit\u00e9, afin de maintenir notre comp\u00e9titivit\u00e9 et nos performances et de renforcer notre image et notre attractivit\u00e9 en tant qu\u2019employeur. Mon objec-tif est que nous continuions \u00e0 \u00eatre l\u2019un des meilleurs employeurs !<\/p>\n","protected":false},"excerpt":{"rendered":"<p>Chaque ann\u00e9e, le Handelszeitung et Le Temps d\u00e9terminent les meilleurs employeurs de Suisse dans le cadre d\u2019une \u00e9tude repr\u00e9sentative. En 2021, c\u2019est le producteur de boissons Rivella SA qui a obtenu la premi\u00e8re place. Markus Krienb\u00fchl, responsable People &amp; Culture, est convaincu que cette distinction n\u2019est pas le fruit du hasard. Il s\u2019agit au contraire [&hellip;]<\/p>\n","protected":false},"author":5,"featured_media":11172,"comment_status":"open","ping_status":"closed","sticky":false,"template":"","format":"standard","meta":{"_monsterinsights_skip_tracking":false,"_monsterinsights_sitenote_active":false,"_monsterinsights_sitenote_note":"","_monsterinsights_sitenote_category":0,"footnotes":""},"categories":[1911],"tags":[],"class_list":["post-11182","post","type-post","status-publish","format-standard","has-post-thumbnail","hentry","category-nachhaltigkeit-fr"],"yoast_head":"<!-- This site is optimized with the Yoast SEO plugin v27.3 - https:\/\/yoast.com\/product\/yoast-seo-wordpress\/ -->\n<title>Meilleur employeur de Suisse : qu\u2019est-ce qui distingue Rivella ? - Promarca<\/title>\n<meta name=\"robots\" content=\"index, follow, max-snippet:-1, max-image-preview:large, max-video-preview:-1\" \/>\n<link rel=\"canonical\" href=\"https:\/\/www.promarca.ch\/fr\/meilleur-employeur-de-suisse-quest-ce-qui-distingue-rivella\/\" \/>\n<meta property=\"og:locale\" content=\"fr_FR\" \/>\n<meta property=\"og:type\" content=\"article\" \/>\n<meta property=\"og:title\" content=\"Meilleur employeur de Suisse : qu\u2019est-ce qui distingue Rivella ? - Promarca\" \/>\n<meta property=\"og:description\" content=\"Chaque ann\u00e9e, le Handelszeitung et Le Temps d\u00e9terminent les meilleurs employeurs de Suisse dans le cadre d\u2019une \u00e9tude repr\u00e9sentative. En 2021, c\u2019est le producteur de boissons Rivella SA qui a obtenu la premi\u00e8re place. Markus Krienb\u00fchl, responsable People &amp; Culture, est convaincu que cette distinction n\u2019est pas le fruit du hasard. Il s\u2019agit au contraire [&hellip;]\" \/>\n<meta property=\"og:url\" content=\"https:\/\/www.promarca.ch\/fr\/meilleur-employeur-de-suisse-quest-ce-qui-distingue-rivella\/\" \/>\n<meta property=\"og:site_name\" content=\"Promarca\" \/>\n<meta property=\"article:published_time\" content=\"2021-07-26T08:06:47+00:00\" \/>\n<meta property=\"og:image\" content=\"https:\/\/www.promarca.ch\/wp-content\/uploads\/2021\/07\/Rivella_BesterArbeitgeber_2021-7-scaled.jpg\" \/>\n\t<meta property=\"og:image:width\" content=\"2560\" \/>\n\t<meta property=\"og:image:height\" content=\"1703\" \/>\n\t<meta property=\"og:image:type\" content=\"image\/jpeg\" \/>\n<meta name=\"author\" content=\"Nathalie\" \/>\n<meta name=\"twitter:card\" content=\"summary_large_image\" \/>\n<meta name=\"twitter:label1\" content=\"\u00c9crit par\" \/>\n\t<meta name=\"twitter:data1\" content=\"Nathalie\" \/>\n\t<meta name=\"twitter:label2\" content=\"Dur\u00e9e de lecture estim\u00e9e\" \/>\n\t<meta name=\"twitter:data2\" content=\"3 minutes\" \/>\n<script type=\"application\/ld+json\" class=\"yoast-schema-graph\">{\"@context\":\"https:\\\/\\\/schema.org\",\"@graph\":[{\"@type\":\"Article\",\"@id\":\"https:\\\/\\\/www.promarca.ch\\\/fr\\\/meilleur-employeur-de-suisse-quest-ce-qui-distingue-rivella\\\/#article\",\"isPartOf\":{\"@id\":\"https:\\\/\\\/www.promarca.ch\\\/fr\\\/meilleur-employeur-de-suisse-quest-ce-qui-distingue-rivella\\\/\"},\"author\":{\"name\":\"Nathalie\",\"@id\":\"https:\\\/\\\/www.promarca.ch\\\/fr\\\/#\\\/schema\\\/person\\\/2ae3a5bc704be343547e042ca83bb377\"},\"headline\":\"Meilleur employeur de Suisse : qu\u2019est-ce qui distingue Rivella ?\",\"datePublished\":\"2021-07-26T08:06:47+00:00\",\"mainEntityOfPage\":{\"@id\":\"https:\\\/\\\/www.promarca.ch\\\/fr\\\/meilleur-employeur-de-suisse-quest-ce-qui-distingue-rivella\\\/\"},\"wordCount\":691,\"commentCount\":0,\"image\":{\"@id\":\"https:\\\/\\\/www.promarca.ch\\\/fr\\\/meilleur-employeur-de-suisse-quest-ce-qui-distingue-rivella\\\/#primaryimage\"},\"thumbnailUrl\":\"https:\\\/\\\/www.promarca.ch\\\/wp-content\\\/uploads\\\/2021\\\/07\\\/Rivella_BesterArbeitgeber_2021-7-scaled.jpg\",\"articleSection\":[\"Durabilit\u00e9\"],\"inLanguage\":\"fr-FR\",\"potentialAction\":[{\"@type\":\"CommentAction\",\"name\":\"Comment\",\"target\":[\"https:\\\/\\\/www.promarca.ch\\\/fr\\\/meilleur-employeur-de-suisse-quest-ce-qui-distingue-rivella\\\/#respond\"]}]},{\"@type\":\"WebPage\",\"@id\":\"https:\\\/\\\/www.promarca.ch\\\/fr\\\/meilleur-employeur-de-suisse-quest-ce-qui-distingue-rivella\\\/\",\"url\":\"https:\\\/\\\/www.promarca.ch\\\/fr\\\/meilleur-employeur-de-suisse-quest-ce-qui-distingue-rivella\\\/\",\"name\":\"Meilleur employeur de Suisse : qu\u2019est-ce qui distingue Rivella ? - Promarca\",\"isPartOf\":{\"@id\":\"https:\\\/\\\/www.promarca.ch\\\/fr\\\/#website\"},\"primaryImageOfPage\":{\"@id\":\"https:\\\/\\\/www.promarca.ch\\\/fr\\\/meilleur-employeur-de-suisse-quest-ce-qui-distingue-rivella\\\/#primaryimage\"},\"image\":{\"@id\":\"https:\\\/\\\/www.promarca.ch\\\/fr\\\/meilleur-employeur-de-suisse-quest-ce-qui-distingue-rivella\\\/#primaryimage\"},\"thumbnailUrl\":\"https:\\\/\\\/www.promarca.ch\\\/wp-content\\\/uploads\\\/2021\\\/07\\\/Rivella_BesterArbeitgeber_2021-7-scaled.jpg\",\"datePublished\":\"2021-07-26T08:06:47+00:00\",\"author\":{\"@id\":\"https:\\\/\\\/www.promarca.ch\\\/fr\\\/#\\\/schema\\\/person\\\/2ae3a5bc704be343547e042ca83bb377\"},\"breadcrumb\":{\"@id\":\"https:\\\/\\\/www.promarca.ch\\\/fr\\\/meilleur-employeur-de-suisse-quest-ce-qui-distingue-rivella\\\/#breadcrumb\"},\"inLanguage\":\"fr-FR\",\"potentialAction\":[{\"@type\":\"ReadAction\",\"target\":[\"https:\\\/\\\/www.promarca.ch\\\/fr\\\/meilleur-employeur-de-suisse-quest-ce-qui-distingue-rivella\\\/\"]}]},{\"@type\":\"ImageObject\",\"inLanguage\":\"fr-FR\",\"@id\":\"https:\\\/\\\/www.promarca.ch\\\/fr\\\/meilleur-employeur-de-suisse-quest-ce-qui-distingue-rivella\\\/#primaryimage\",\"url\":\"https:\\\/\\\/www.promarca.ch\\\/wp-content\\\/uploads\\\/2021\\\/07\\\/Rivella_BesterArbeitgeber_2021-7-scaled.jpg\",\"contentUrl\":\"https:\\\/\\\/www.promarca.ch\\\/wp-content\\\/uploads\\\/2021\\\/07\\\/Rivella_BesterArbeitgeber_2021-7-scaled.jpg\",\"width\":2560,\"height\":1703},{\"@type\":\"BreadcrumbList\",\"@id\":\"https:\\\/\\\/www.promarca.ch\\\/fr\\\/meilleur-employeur-de-suisse-quest-ce-qui-distingue-rivella\\\/#breadcrumb\",\"itemListElement\":[{\"@type\":\"ListItem\",\"position\":1,\"name\":\"Home\",\"item\":\"https:\\\/\\\/www.promarca.ch\\\/fr\\\/\"},{\"@type\":\"ListItem\",\"position\":2,\"name\":\"Meilleur employeur de Suisse : qu\u2019est-ce qui distingue Rivella ?\"}]},{\"@type\":\"WebSite\",\"@id\":\"https:\\\/\\\/www.promarca.ch\\\/fr\\\/#website\",\"url\":\"https:\\\/\\\/www.promarca.ch\\\/fr\\\/\",\"name\":\"Promarca\",\"description\":\"Schweizerischer Markenartikelverband\",\"potentialAction\":[{\"@type\":\"SearchAction\",\"target\":{\"@type\":\"EntryPoint\",\"urlTemplate\":\"https:\\\/\\\/www.promarca.ch\\\/fr\\\/?s={search_term_string}\"},\"query-input\":{\"@type\":\"PropertyValueSpecification\",\"valueRequired\":true,\"valueName\":\"search_term_string\"}}],\"inLanguage\":\"fr-FR\"},{\"@type\":\"Person\",\"@id\":\"https:\\\/\\\/www.promarca.ch\\\/fr\\\/#\\\/schema\\\/person\\\/2ae3a5bc704be343547e042ca83bb377\",\"name\":\"Nathalie\",\"image\":{\"@type\":\"ImageObject\",\"inLanguage\":\"fr-FR\",\"@id\":\"https:\\\/\\\/secure.gravatar.com\\\/avatar\\\/e8e0e4d204aa12e106eab25109f7520bfbfffdb021980b9393b02c0d38abe27a?s=96&d=mm&r=g\",\"url\":\"https:\\\/\\\/secure.gravatar.com\\\/avatar\\\/e8e0e4d204aa12e106eab25109f7520bfbfffdb021980b9393b02c0d38abe27a?s=96&d=mm&r=g\",\"contentUrl\":\"https:\\\/\\\/secure.gravatar.com\\\/avatar\\\/e8e0e4d204aa12e106eab25109f7520bfbfffdb021980b9393b02c0d38abe27a?s=96&d=mm&r=g\",\"caption\":\"Nathalie\"},\"sameAs\":[\"http:\\\/\\\/www.promarca.ch\"],\"url\":\"https:\\\/\\\/www.promarca.ch\\\/fr\\\/author\\\/redakteur\\\/\"}]}<\/script>\n<!-- \/ Yoast SEO plugin. -->","yoast_head_json":{"title":"Meilleur employeur de Suisse : qu\u2019est-ce qui distingue Rivella ? - Promarca","robots":{"index":"index","follow":"follow","max-snippet":"max-snippet:-1","max-image-preview":"max-image-preview:large","max-video-preview":"max-video-preview:-1"},"canonical":"https:\/\/www.promarca.ch\/fr\/meilleur-employeur-de-suisse-quest-ce-qui-distingue-rivella\/","og_locale":"fr_FR","og_type":"article","og_title":"Meilleur employeur de Suisse : qu\u2019est-ce qui distingue Rivella ? - Promarca","og_description":"Chaque ann\u00e9e, le Handelszeitung et Le Temps d\u00e9terminent les meilleurs employeurs de Suisse dans le cadre d\u2019une \u00e9tude repr\u00e9sentative. En 2021, c\u2019est le producteur de boissons Rivella SA qui a obtenu la premi\u00e8re place. Markus Krienb\u00fchl, responsable People &amp; Culture, est convaincu que cette distinction n\u2019est pas le fruit du hasard. Il s\u2019agit au contraire [&hellip;]","og_url":"https:\/\/www.promarca.ch\/fr\/meilleur-employeur-de-suisse-quest-ce-qui-distingue-rivella\/","og_site_name":"Promarca","article_published_time":"2021-07-26T08:06:47+00:00","og_image":[{"width":2560,"height":1703,"url":"https:\/\/www.promarca.ch\/wp-content\/uploads\/2021\/07\/Rivella_BesterArbeitgeber_2021-7-scaled.jpg","type":"image\/jpeg"}],"author":"Nathalie","twitter_card":"summary_large_image","twitter_misc":{"\u00c9crit par":"Nathalie","Dur\u00e9e de lecture estim\u00e9e":"3 minutes"},"schema":{"@context":"https:\/\/schema.org","@graph":[{"@type":"Article","@id":"https:\/\/www.promarca.ch\/fr\/meilleur-employeur-de-suisse-quest-ce-qui-distingue-rivella\/#article","isPartOf":{"@id":"https:\/\/www.promarca.ch\/fr\/meilleur-employeur-de-suisse-quest-ce-qui-distingue-rivella\/"},"author":{"name":"Nathalie","@id":"https:\/\/www.promarca.ch\/fr\/#\/schema\/person\/2ae3a5bc704be343547e042ca83bb377"},"headline":"Meilleur employeur de Suisse : qu\u2019est-ce qui distingue Rivella ?","datePublished":"2021-07-26T08:06:47+00:00","mainEntityOfPage":{"@id":"https:\/\/www.promarca.ch\/fr\/meilleur-employeur-de-suisse-quest-ce-qui-distingue-rivella\/"},"wordCount":691,"commentCount":0,"image":{"@id":"https:\/\/www.promarca.ch\/fr\/meilleur-employeur-de-suisse-quest-ce-qui-distingue-rivella\/#primaryimage"},"thumbnailUrl":"https:\/\/www.promarca.ch\/wp-content\/uploads\/2021\/07\/Rivella_BesterArbeitgeber_2021-7-scaled.jpg","articleSection":["Durabilit\u00e9"],"inLanguage":"fr-FR","potentialAction":[{"@type":"CommentAction","name":"Comment","target":["https:\/\/www.promarca.ch\/fr\/meilleur-employeur-de-suisse-quest-ce-qui-distingue-rivella\/#respond"]}]},{"@type":"WebPage","@id":"https:\/\/www.promarca.ch\/fr\/meilleur-employeur-de-suisse-quest-ce-qui-distingue-rivella\/","url":"https:\/\/www.promarca.ch\/fr\/meilleur-employeur-de-suisse-quest-ce-qui-distingue-rivella\/","name":"Meilleur employeur de Suisse : qu\u2019est-ce qui distingue Rivella ? - Promarca","isPartOf":{"@id":"https:\/\/www.promarca.ch\/fr\/#website"},"primaryImageOfPage":{"@id":"https:\/\/www.promarca.ch\/fr\/meilleur-employeur-de-suisse-quest-ce-qui-distingue-rivella\/#primaryimage"},"image":{"@id":"https:\/\/www.promarca.ch\/fr\/meilleur-employeur-de-suisse-quest-ce-qui-distingue-rivella\/#primaryimage"},"thumbnailUrl":"https:\/\/www.promarca.ch\/wp-content\/uploads\/2021\/07\/Rivella_BesterArbeitgeber_2021-7-scaled.jpg","datePublished":"2021-07-26T08:06:47+00:00","author":{"@id":"https:\/\/www.promarca.ch\/fr\/#\/schema\/person\/2ae3a5bc704be343547e042ca83bb377"},"breadcrumb":{"@id":"https:\/\/www.promarca.ch\/fr\/meilleur-employeur-de-suisse-quest-ce-qui-distingue-rivella\/#breadcrumb"},"inLanguage":"fr-FR","potentialAction":[{"@type":"ReadAction","target":["https:\/\/www.promarca.ch\/fr\/meilleur-employeur-de-suisse-quest-ce-qui-distingue-rivella\/"]}]},{"@type":"ImageObject","inLanguage":"fr-FR","@id":"https:\/\/www.promarca.ch\/fr\/meilleur-employeur-de-suisse-quest-ce-qui-distingue-rivella\/#primaryimage","url":"https:\/\/www.promarca.ch\/wp-content\/uploads\/2021\/07\/Rivella_BesterArbeitgeber_2021-7-scaled.jpg","contentUrl":"https:\/\/www.promarca.ch\/wp-content\/uploads\/2021\/07\/Rivella_BesterArbeitgeber_2021-7-scaled.jpg","width":2560,"height":1703},{"@type":"BreadcrumbList","@id":"https:\/\/www.promarca.ch\/fr\/meilleur-employeur-de-suisse-quest-ce-qui-distingue-rivella\/#breadcrumb","itemListElement":[{"@type":"ListItem","position":1,"name":"Home","item":"https:\/\/www.promarca.ch\/fr\/"},{"@type":"ListItem","position":2,"name":"Meilleur employeur de Suisse : qu\u2019est-ce qui distingue Rivella ?"}]},{"@type":"WebSite","@id":"https:\/\/www.promarca.ch\/fr\/#website","url":"https:\/\/www.promarca.ch\/fr\/","name":"Promarca","description":"Schweizerischer Markenartikelverband","potentialAction":[{"@type":"SearchAction","target":{"@type":"EntryPoint","urlTemplate":"https:\/\/www.promarca.ch\/fr\/?s={search_term_string}"},"query-input":{"@type":"PropertyValueSpecification","valueRequired":true,"valueName":"search_term_string"}}],"inLanguage":"fr-FR"},{"@type":"Person","@id":"https:\/\/www.promarca.ch\/fr\/#\/schema\/person\/2ae3a5bc704be343547e042ca83bb377","name":"Nathalie","image":{"@type":"ImageObject","inLanguage":"fr-FR","@id":"https:\/\/secure.gravatar.com\/avatar\/e8e0e4d204aa12e106eab25109f7520bfbfffdb021980b9393b02c0d38abe27a?s=96&d=mm&r=g","url":"https:\/\/secure.gravatar.com\/avatar\/e8e0e4d204aa12e106eab25109f7520bfbfffdb021980b9393b02c0d38abe27a?s=96&d=mm&r=g","contentUrl":"https:\/\/secure.gravatar.com\/avatar\/e8e0e4d204aa12e106eab25109f7520bfbfffdb021980b9393b02c0d38abe27a?s=96&d=mm&r=g","caption":"Nathalie"},"sameAs":["http:\/\/www.promarca.ch"],"url":"https:\/\/www.promarca.ch\/fr\/author\/redakteur\/"}]}},"_links":{"self":[{"href":"https:\/\/www.promarca.ch\/fr\/wp-json\/wp\/v2\/posts\/11182","targetHints":{"allow":["GET"]}}],"collection":[{"href":"https:\/\/www.promarca.ch\/fr\/wp-json\/wp\/v2\/posts"}],"about":[{"href":"https:\/\/www.promarca.ch\/fr\/wp-json\/wp\/v2\/types\/post"}],"author":[{"embeddable":true,"href":"https:\/\/www.promarca.ch\/fr\/wp-json\/wp\/v2\/users\/5"}],"replies":[{"embeddable":true,"href":"https:\/\/www.promarca.ch\/fr\/wp-json\/wp\/v2\/comments?post=11182"}],"version-history":[{"count":1,"href":"https:\/\/www.promarca.ch\/fr\/wp-json\/wp\/v2\/posts\/11182\/revisions"}],"predecessor-version":[{"id":11183,"href":"https:\/\/www.promarca.ch\/fr\/wp-json\/wp\/v2\/posts\/11182\/revisions\/11183"}],"wp:featuredmedia":[{"embeddable":true,"href":"https:\/\/www.promarca.ch\/fr\/wp-json\/wp\/v2\/media\/11172"}],"wp:attachment":[{"href":"https:\/\/www.promarca.ch\/fr\/wp-json\/wp\/v2\/media?parent=11182"}],"wp:term":[{"taxonomy":"category","embeddable":true,"href":"https:\/\/www.promarca.ch\/fr\/wp-json\/wp\/v2\/categories?post=11182"},{"taxonomy":"post_tag","embeddable":true,"href":"https:\/\/www.promarca.ch\/fr\/wp-json\/wp\/v2\/tags?post=11182"}],"curies":[{"name":"wp","href":"https:\/\/api.w.org\/{rel}","templated":true}]}}