{"id":18764,"date":"2025-08-07T13:49:05","date_gmt":"2025-08-07T13:49:05","guid":{"rendered":"https:\/\/www.promarca.ch\/prise-de-position-de-promarca-sur-les-droits-de-douane-des-etats-unis-entrent-en-vigueur-aujourdhui-promarca-appelle-a-une-action-rapide\/"},"modified":"2025-09-23T13:50:37","modified_gmt":"2025-09-23T13:50:37","slug":"prise-de-position-de-promarca-sur-les-droits-de-douane-des-etats-unis-entrent-en-vigueur-aujourdhui-promarca-appelle-a-une-action-rapide","status":"publish","type":"post","link":"https:\/\/www.promarca.ch\/fr\/prise-de-position-de-promarca-sur-les-droits-de-douane-des-etats-unis-entrent-en-vigueur-aujourdhui-promarca-appelle-a-une-action-rapide\/","title":{"rendered":"Prise de position de Promarca sur les droits de douane des \u00c9tats-Unis entrent en vigueur aujourd\u2019hui \u2013 Promarca appelle \u00e0 une action rapide"},"content":{"rendered":"<p>Berne, le 7 ao\u00fbt 2025 \u2013 Les droits de douane de 39 % annonc\u00e9s par les \u00c9tats-Unis sur les importations suisses sont officiellement entr\u00e9es en vigueur aujourd\u2019hui. Pour l\u2019industrie suisse des marques, fortement orient\u00e9e vers l\u2019exportation, cela repr\u00e9sente un lourd fardeau et un d\u00e9savantage clair face \u00e0 la concurrence internationale.<\/p>\n<p>Promarca consid\u00e8re cette d\u00e9cision comme tr\u00e8s pr\u00e9occupante pour la comp\u00e9titivit\u00e9 de l\u2019industrie suisse des marques. Les entreprises de marques concern\u00e9es incarnent la qualit\u00e9 suisse, l\u2019innovation et un engagement durable, qui sont des valeurs qui doivent \u00eatre pr\u00e9serv\u00e9es sur les march\u00e9s mondiaux.<\/p>\n<p>Nous appelons les autorit\u00e9s comp\u00e9tentes \u00e0 agir rapidement et dans l\u2019int\u00e9r\u00eat de l\u2019\u00e9conomie suisse, afin de garantir la comp\u00e9titivit\u00e9 de nos entreprises de marques et de limiter les dommages \u00e9conomiques.<\/p>\n","protected":false},"excerpt":{"rendered":"<p>Berne, le 7 ao\u00fbt 2025 \u2013 Les droits de douane de 39 % annonc\u00e9s par les \u00c9tats-Unis sur les importations suisses sont officiellement entr\u00e9es en vigueur aujourd\u2019hui. Pour l\u2019industrie suisse des marques, fortement orient\u00e9e vers l\u2019exportation, cela repr\u00e9sente un lourd fardeau et un d\u00e9savantage clair face \u00e0 la concurrence internationale. Promarca consid\u00e8re cette d\u00e9cision comme [&hellip;]<\/p>\n","protected":false},"author":8,"featured_media":18418,"comment_status":"closed","ping_status":"closed","sticky":false,"template":"","format":"standard","meta":{"_monsterinsights_skip_tracking":false,"_monsterinsights_sitenote_active":false,"_monsterinsights_sitenote_note":"","_monsterinsights_sitenote_category":0,"footnotes":""},"categories":[465],"tags":[],"class_list":["post-18764","post","type-post","status-publish","format-standard","has-post-thumbnail","hentry","category-positionen-fr"],"yoast_head":"<!-- This site is optimized with the Yoast SEO plugin v27.5 - https:\/\/yoast.com\/product\/yoast-seo-wordpress\/ -->\n<title>Prise de position de Promarca sur les droits de douane des \u00c9tats-Unis entrent en vigueur aujourd\u2019hui \u2013 Promarca appelle \u00e0 une action rapide - Promarca<\/title>\n<meta name=\"robots\" content=\"index, follow, max-snippet:-1, max-image-preview:large, max-video-preview:-1\" \/>\n<link rel=\"canonical\" href=\"https:\/\/www.promarca.ch\/fr\/prise-de-position-de-promarca-sur-les-droits-de-douane-des-etats-unis-entrent-en-vigueur-aujourdhui-promarca-appelle-a-une-action-rapide\/\" \/>\n<meta property=\"og:locale\" content=\"fr_FR\" \/>\n<meta property=\"og:type\" content=\"article\" \/>\n<meta property=\"og:title\" content=\"Prise de position de Promarca sur les droits de douane des \u00c9tats-Unis entrent en vigueur aujourd\u2019hui \u2013 Promarca appelle \u00e0 une action rapide - Promarca\" \/>\n<meta property=\"og:description\" content=\"Berne, le 7 ao\u00fbt 2025 \u2013 Les droits de douane de 39 % annonc\u00e9s par les \u00c9tats-Unis sur les importations suisses sont officiellement entr\u00e9es en vigueur aujourd\u2019hui. Pour l\u2019industrie suisse des marques, fortement orient\u00e9e vers l\u2019exportation, cela repr\u00e9sente un lourd fardeau et un d\u00e9savantage clair face \u00e0 la concurrence internationale. Promarca consid\u00e8re cette d\u00e9cision comme [&hellip;]\" \/>\n<meta property=\"og:url\" content=\"https:\/\/www.promarca.ch\/fr\/prise-de-position-de-promarca-sur-les-droits-de-douane-des-etats-unis-entrent-en-vigueur-aujourdhui-promarca-appelle-a-une-action-rapide\/\" \/>\n<meta property=\"og:site_name\" content=\"Promarca\" \/>\n<meta property=\"article:published_time\" content=\"2025-08-07T13:49:05+00:00\" \/>\n<meta property=\"article:modified_time\" content=\"2025-09-23T13:50:37+00:00\" \/>\n<meta property=\"og:image\" content=\"https:\/\/www.promarca.ch\/wp-content\/uploads\/2025\/08\/swiss-usa-export.jpg\" \/>\n\t<meta property=\"og:image:width\" content=\"800\" \/>\n\t<meta property=\"og:image:height\" content=\"530\" \/>\n\t<meta property=\"og:image:type\" content=\"image\/jpeg\" \/>\n<meta name=\"author\" content=\"Daria Gfeller\" \/>\n<meta name=\"twitter:card\" content=\"summary_large_image\" \/>\n<meta name=\"twitter:label1\" content=\"\u00c9crit par\" \/>\n\t<meta name=\"twitter:data1\" content=\"Daria Gfeller\" \/>\n\t<meta name=\"twitter:label2\" content=\"Dur\u00e9e de lecture estim\u00e9e\" \/>\n\t<meta name=\"twitter:data2\" content=\"1 minute\" \/>\n<script type=\"application\/ld+json\" class=\"yoast-schema-graph\">{\"@context\":\"https:\\\/\\\/schema.org\",\"@graph\":[{\"@type\":\"Article\",\"@id\":\"https:\\\/\\\/www.promarca.ch\\\/fr\\\/prise-de-position-de-promarca-sur-les-droits-de-douane-des-etats-unis-entrent-en-vigueur-aujourdhui-promarca-appelle-a-une-action-rapide\\\/#article\",\"isPartOf\":{\"@id\":\"https:\\\/\\\/www.promarca.ch\\\/fr\\\/prise-de-position-de-promarca-sur-les-droits-de-douane-des-etats-unis-entrent-en-vigueur-aujourdhui-promarca-appelle-a-une-action-rapide\\\/\"},\"author\":{\"name\":\"Daria Gfeller\",\"@id\":\"https:\\\/\\\/www.promarca.ch\\\/fr\\\/#\\\/schema\\\/person\\\/605871e63ad97d65b232b81701423b98\"},\"headline\":\"Prise de position de Promarca sur les droits de douane des \u00c9tats-Unis entrent en vigueur aujourd\u2019hui \u2013 Promarca appelle \u00e0 une action rapide\",\"datePublished\":\"2025-08-07T13:49:05+00:00\",\"dateModified\":\"2025-09-23T13:50:37+00:00\",\"mainEntityOfPage\":{\"@id\":\"https:\\\/\\\/www.promarca.ch\\\/fr\\\/prise-de-position-de-promarca-sur-les-droits-de-douane-des-etats-unis-entrent-en-vigueur-aujourdhui-promarca-appelle-a-une-action-rapide\\\/\"},\"wordCount\":163,\"image\":{\"@id\":\"https:\\\/\\\/www.promarca.ch\\\/fr\\\/prise-de-position-de-promarca-sur-les-droits-de-douane-des-etats-unis-entrent-en-vigueur-aujourdhui-promarca-appelle-a-une-action-rapide\\\/#primaryimage\"},\"thumbnailUrl\":\"https:\\\/\\\/www.promarca.ch\\\/wp-content\\\/uploads\\\/2025\\\/08\\\/swiss-usa-export.jpg\",\"articleSection\":[\"Positions\"],\"inLanguage\":\"fr-FR\"},{\"@type\":\"WebPage\",\"@id\":\"https:\\\/\\\/www.promarca.ch\\\/fr\\\/prise-de-position-de-promarca-sur-les-droits-de-douane-des-etats-unis-entrent-en-vigueur-aujourdhui-promarca-appelle-a-une-action-rapide\\\/\",\"url\":\"https:\\\/\\\/www.promarca.ch\\\/fr\\\/prise-de-position-de-promarca-sur-les-droits-de-douane-des-etats-unis-entrent-en-vigueur-aujourdhui-promarca-appelle-a-une-action-rapide\\\/\",\"name\":\"Prise de position de Promarca sur les droits de douane des \u00c9tats-Unis entrent en vigueur aujourd\u2019hui \u2013 Promarca appelle \u00e0 une action rapide - Promarca\",\"isPartOf\":{\"@id\":\"https:\\\/\\\/www.promarca.ch\\\/fr\\\/#website\"},\"primaryImageOfPage\":{\"@id\":\"https:\\\/\\\/www.promarca.ch\\\/fr\\\/prise-de-position-de-promarca-sur-les-droits-de-douane-des-etats-unis-entrent-en-vigueur-aujourdhui-promarca-appelle-a-une-action-rapide\\\/#primaryimage\"},\"image\":{\"@id\":\"https:\\\/\\\/www.promarca.ch\\\/fr\\\/prise-de-position-de-promarca-sur-les-droits-de-douane-des-etats-unis-entrent-en-vigueur-aujourdhui-promarca-appelle-a-une-action-rapide\\\/#primaryimage\"},\"thumbnailUrl\":\"https:\\\/\\\/www.promarca.ch\\\/wp-content\\\/uploads\\\/2025\\\/08\\\/swiss-usa-export.jpg\",\"datePublished\":\"2025-08-07T13:49:05+00:00\",\"dateModified\":\"2025-09-23T13:50:37+00:00\",\"author\":{\"@id\":\"https:\\\/\\\/www.promarca.ch\\\/fr\\\/#\\\/schema\\\/person\\\/605871e63ad97d65b232b81701423b98\"},\"breadcrumb\":{\"@id\":\"https:\\\/\\\/www.promarca.ch\\\/fr\\\/prise-de-position-de-promarca-sur-les-droits-de-douane-des-etats-unis-entrent-en-vigueur-aujourdhui-promarca-appelle-a-une-action-rapide\\\/#breadcrumb\"},\"inLanguage\":\"fr-FR\",\"potentialAction\":[{\"@type\":\"ReadAction\",\"target\":[\"https:\\\/\\\/www.promarca.ch\\\/fr\\\/prise-de-position-de-promarca-sur-les-droits-de-douane-des-etats-unis-entrent-en-vigueur-aujourdhui-promarca-appelle-a-une-action-rapide\\\/\"]}]},{\"@type\":\"ImageObject\",\"inLanguage\":\"fr-FR\",\"@id\":\"https:\\\/\\\/www.promarca.ch\\\/fr\\\/prise-de-position-de-promarca-sur-les-droits-de-douane-des-etats-unis-entrent-en-vigueur-aujourdhui-promarca-appelle-a-une-action-rapide\\\/#primaryimage\",\"url\":\"https:\\\/\\\/www.promarca.ch\\\/wp-content\\\/uploads\\\/2025\\\/08\\\/swiss-usa-export.jpg\",\"contentUrl\":\"https:\\\/\\\/www.promarca.ch\\\/wp-content\\\/uploads\\\/2025\\\/08\\\/swiss-usa-export.jpg\",\"width\":800,\"height\":530},{\"@type\":\"BreadcrumbList\",\"@id\":\"https:\\\/\\\/www.promarca.ch\\\/fr\\\/prise-de-position-de-promarca-sur-les-droits-de-douane-des-etats-unis-entrent-en-vigueur-aujourdhui-promarca-appelle-a-une-action-rapide\\\/#breadcrumb\",\"itemListElement\":[{\"@type\":\"ListItem\",\"position\":1,\"name\":\"Home\",\"item\":\"https:\\\/\\\/www.promarca.ch\\\/fr\\\/\"},{\"@type\":\"ListItem\",\"position\":2,\"name\":\"Prise de position de Promarca sur les droits de douane des \u00c9tats-Unis entrent en vigueur aujourd\u2019hui \u2013 Promarca appelle \u00e0 une action rapide\"}]},{\"@type\":\"WebSite\",\"@id\":\"https:\\\/\\\/www.promarca.ch\\\/fr\\\/#website\",\"url\":\"https:\\\/\\\/www.promarca.ch\\\/fr\\\/\",\"name\":\"Promarca\",\"description\":\"Schweizerischer Markenartikelverband\",\"potentialAction\":[{\"@type\":\"SearchAction\",\"target\":{\"@type\":\"EntryPoint\",\"urlTemplate\":\"https:\\\/\\\/www.promarca.ch\\\/fr\\\/?s={search_term_string}\"},\"query-input\":{\"@type\":\"PropertyValueSpecification\",\"valueRequired\":true,\"valueName\":\"search_term_string\"}}],\"inLanguage\":\"fr-FR\"},{\"@type\":\"Person\",\"@id\":\"https:\\\/\\\/www.promarca.ch\\\/fr\\\/#\\\/schema\\\/person\\\/605871e63ad97d65b232b81701423b98\",\"name\":\"Daria Gfeller\",\"image\":{\"@type\":\"ImageObject\",\"inLanguage\":\"fr-FR\",\"@id\":\"https:\\\/\\\/secure.gravatar.com\\\/avatar\\\/880ed7e9544f5e04eda1a91c8dc501dc26fe92f1ad9413289edfa04ae725ce0a?s=96&d=mm&r=g\",\"url\":\"https:\\\/\\\/secure.gravatar.com\\\/avatar\\\/880ed7e9544f5e04eda1a91c8dc501dc26fe92f1ad9413289edfa04ae725ce0a?s=96&d=mm&r=g\",\"contentUrl\":\"https:\\\/\\\/secure.gravatar.com\\\/avatar\\\/880ed7e9544f5e04eda1a91c8dc501dc26fe92f1ad9413289edfa04ae725ce0a?s=96&d=mm&r=g\",\"caption\":\"Daria Gfeller\"},\"sameAs\":[\"https:\\\/\\\/www.promarca.ch\\\/\"],\"url\":\"https:\\\/\\\/www.promarca.ch\\\/fr\\\/author\\\/promarca-admin\\\/\"}]}<\/script>\n<!-- \/ Yoast SEO plugin. -->","yoast_head_json":{"title":"Prise de position de Promarca sur les droits de douane des \u00c9tats-Unis entrent en vigueur aujourd\u2019hui \u2013 Promarca appelle \u00e0 une action rapide - Promarca","robots":{"index":"index","follow":"follow","max-snippet":"max-snippet:-1","max-image-preview":"max-image-preview:large","max-video-preview":"max-video-preview:-1"},"canonical":"https:\/\/www.promarca.ch\/fr\/prise-de-position-de-promarca-sur-les-droits-de-douane-des-etats-unis-entrent-en-vigueur-aujourdhui-promarca-appelle-a-une-action-rapide\/","og_locale":"fr_FR","og_type":"article","og_title":"Prise de position de Promarca sur les droits de douane des \u00c9tats-Unis entrent en vigueur aujourd\u2019hui \u2013 Promarca appelle \u00e0 une action rapide - Promarca","og_description":"Berne, le 7 ao\u00fbt 2025 \u2013 Les droits de douane de 39 % annonc\u00e9s par les \u00c9tats-Unis sur les importations suisses sont officiellement entr\u00e9es en vigueur aujourd\u2019hui. Pour l\u2019industrie suisse des marques, fortement orient\u00e9e vers l\u2019exportation, cela repr\u00e9sente un lourd fardeau et un d\u00e9savantage clair face \u00e0 la concurrence internationale. Promarca consid\u00e8re cette d\u00e9cision comme [&hellip;]","og_url":"https:\/\/www.promarca.ch\/fr\/prise-de-position-de-promarca-sur-les-droits-de-douane-des-etats-unis-entrent-en-vigueur-aujourdhui-promarca-appelle-a-une-action-rapide\/","og_site_name":"Promarca","article_published_time":"2025-08-07T13:49:05+00:00","article_modified_time":"2025-09-23T13:50:37+00:00","og_image":[{"width":800,"height":530,"url":"https:\/\/www.promarca.ch\/wp-content\/uploads\/2025\/08\/swiss-usa-export.jpg","type":"image\/jpeg"}],"author":"Daria Gfeller","twitter_card":"summary_large_image","twitter_misc":{"\u00c9crit par":"Daria Gfeller","Dur\u00e9e de lecture estim\u00e9e":"1 minute"},"schema":{"@context":"https:\/\/schema.org","@graph":[{"@type":"Article","@id":"https:\/\/www.promarca.ch\/fr\/prise-de-position-de-promarca-sur-les-droits-de-douane-des-etats-unis-entrent-en-vigueur-aujourdhui-promarca-appelle-a-une-action-rapide\/#article","isPartOf":{"@id":"https:\/\/www.promarca.ch\/fr\/prise-de-position-de-promarca-sur-les-droits-de-douane-des-etats-unis-entrent-en-vigueur-aujourdhui-promarca-appelle-a-une-action-rapide\/"},"author":{"name":"Daria Gfeller","@id":"https:\/\/www.promarca.ch\/fr\/#\/schema\/person\/605871e63ad97d65b232b81701423b98"},"headline":"Prise de position de Promarca sur les droits de douane des \u00c9tats-Unis entrent en vigueur aujourd\u2019hui \u2013 Promarca appelle \u00e0 une action rapide","datePublished":"2025-08-07T13:49:05+00:00","dateModified":"2025-09-23T13:50:37+00:00","mainEntityOfPage":{"@id":"https:\/\/www.promarca.ch\/fr\/prise-de-position-de-promarca-sur-les-droits-de-douane-des-etats-unis-entrent-en-vigueur-aujourdhui-promarca-appelle-a-une-action-rapide\/"},"wordCount":163,"image":{"@id":"https:\/\/www.promarca.ch\/fr\/prise-de-position-de-promarca-sur-les-droits-de-douane-des-etats-unis-entrent-en-vigueur-aujourdhui-promarca-appelle-a-une-action-rapide\/#primaryimage"},"thumbnailUrl":"https:\/\/www.promarca.ch\/wp-content\/uploads\/2025\/08\/swiss-usa-export.jpg","articleSection":["Positions"],"inLanguage":"fr-FR"},{"@type":"WebPage","@id":"https:\/\/www.promarca.ch\/fr\/prise-de-position-de-promarca-sur-les-droits-de-douane-des-etats-unis-entrent-en-vigueur-aujourdhui-promarca-appelle-a-une-action-rapide\/","url":"https:\/\/www.promarca.ch\/fr\/prise-de-position-de-promarca-sur-les-droits-de-douane-des-etats-unis-entrent-en-vigueur-aujourdhui-promarca-appelle-a-une-action-rapide\/","name":"Prise de position de Promarca sur les droits de douane des \u00c9tats-Unis entrent en vigueur aujourd\u2019hui \u2013 Promarca appelle \u00e0 une action rapide - Promarca","isPartOf":{"@id":"https:\/\/www.promarca.ch\/fr\/#website"},"primaryImageOfPage":{"@id":"https:\/\/www.promarca.ch\/fr\/prise-de-position-de-promarca-sur-les-droits-de-douane-des-etats-unis-entrent-en-vigueur-aujourdhui-promarca-appelle-a-une-action-rapide\/#primaryimage"},"image":{"@id":"https:\/\/www.promarca.ch\/fr\/prise-de-position-de-promarca-sur-les-droits-de-douane-des-etats-unis-entrent-en-vigueur-aujourdhui-promarca-appelle-a-une-action-rapide\/#primaryimage"},"thumbnailUrl":"https:\/\/www.promarca.ch\/wp-content\/uploads\/2025\/08\/swiss-usa-export.jpg","datePublished":"2025-08-07T13:49:05+00:00","dateModified":"2025-09-23T13:50:37+00:00","author":{"@id":"https:\/\/www.promarca.ch\/fr\/#\/schema\/person\/605871e63ad97d65b232b81701423b98"},"breadcrumb":{"@id":"https:\/\/www.promarca.ch\/fr\/prise-de-position-de-promarca-sur-les-droits-de-douane-des-etats-unis-entrent-en-vigueur-aujourdhui-promarca-appelle-a-une-action-rapide\/#breadcrumb"},"inLanguage":"fr-FR","potentialAction":[{"@type":"ReadAction","target":["https:\/\/www.promarca.ch\/fr\/prise-de-position-de-promarca-sur-les-droits-de-douane-des-etats-unis-entrent-en-vigueur-aujourdhui-promarca-appelle-a-une-action-rapide\/"]}]},{"@type":"ImageObject","inLanguage":"fr-FR","@id":"https:\/\/www.promarca.ch\/fr\/prise-de-position-de-promarca-sur-les-droits-de-douane-des-etats-unis-entrent-en-vigueur-aujourdhui-promarca-appelle-a-une-action-rapide\/#primaryimage","url":"https:\/\/www.promarca.ch\/wp-content\/uploads\/2025\/08\/swiss-usa-export.jpg","contentUrl":"https:\/\/www.promarca.ch\/wp-content\/uploads\/2025\/08\/swiss-usa-export.jpg","width":800,"height":530},{"@type":"BreadcrumbList","@id":"https:\/\/www.promarca.ch\/fr\/prise-de-position-de-promarca-sur-les-droits-de-douane-des-etats-unis-entrent-en-vigueur-aujourdhui-promarca-appelle-a-une-action-rapide\/#breadcrumb","itemListElement":[{"@type":"ListItem","position":1,"name":"Home","item":"https:\/\/www.promarca.ch\/fr\/"},{"@type":"ListItem","position":2,"name":"Prise de position de Promarca sur les droits de douane des \u00c9tats-Unis entrent en vigueur aujourd\u2019hui \u2013 Promarca appelle \u00e0 une action rapide"}]},{"@type":"WebSite","@id":"https:\/\/www.promarca.ch\/fr\/#website","url":"https:\/\/www.promarca.ch\/fr\/","name":"Promarca","description":"Schweizerischer Markenartikelverband","potentialAction":[{"@type":"SearchAction","target":{"@type":"EntryPoint","urlTemplate":"https:\/\/www.promarca.ch\/fr\/?s={search_term_string}"},"query-input":{"@type":"PropertyValueSpecification","valueRequired":true,"valueName":"search_term_string"}}],"inLanguage":"fr-FR"},{"@type":"Person","@id":"https:\/\/www.promarca.ch\/fr\/#\/schema\/person\/605871e63ad97d65b232b81701423b98","name":"Daria Gfeller","image":{"@type":"ImageObject","inLanguage":"fr-FR","@id":"https:\/\/secure.gravatar.com\/avatar\/880ed7e9544f5e04eda1a91c8dc501dc26fe92f1ad9413289edfa04ae725ce0a?s=96&d=mm&r=g","url":"https:\/\/secure.gravatar.com\/avatar\/880ed7e9544f5e04eda1a91c8dc501dc26fe92f1ad9413289edfa04ae725ce0a?s=96&d=mm&r=g","contentUrl":"https:\/\/secure.gravatar.com\/avatar\/880ed7e9544f5e04eda1a91c8dc501dc26fe92f1ad9413289edfa04ae725ce0a?s=96&d=mm&r=g","caption":"Daria Gfeller"},"sameAs":["https:\/\/www.promarca.ch\/"],"url":"https:\/\/www.promarca.ch\/fr\/author\/promarca-admin\/"}]}},"_links":{"self":[{"href":"https:\/\/www.promarca.ch\/fr\/wp-json\/wp\/v2\/posts\/18764","targetHints":{"allow":["GET"]}}],"collection":[{"href":"https:\/\/www.promarca.ch\/fr\/wp-json\/wp\/v2\/posts"}],"about":[{"href":"https:\/\/www.promarca.ch\/fr\/wp-json\/wp\/v2\/types\/post"}],"author":[{"embeddable":true,"href":"https:\/\/www.promarca.ch\/fr\/wp-json\/wp\/v2\/users\/8"}],"replies":[{"embeddable":true,"href":"https:\/\/www.promarca.ch\/fr\/wp-json\/wp\/v2\/comments?post=18764"}],"version-history":[{"count":1,"href":"https:\/\/www.promarca.ch\/fr\/wp-json\/wp\/v2\/posts\/18764\/revisions"}],"predecessor-version":[{"id":18765,"href":"https:\/\/www.promarca.ch\/fr\/wp-json\/wp\/v2\/posts\/18764\/revisions\/18765"}],"wp:featuredmedia":[{"embeddable":true,"href":"https:\/\/www.promarca.ch\/fr\/wp-json\/wp\/v2\/media\/18418"}],"wp:attachment":[{"href":"https:\/\/www.promarca.ch\/fr\/wp-json\/wp\/v2\/media?parent=18764"}],"wp:term":[{"taxonomy":"category","embeddable":true,"href":"https:\/\/www.promarca.ch\/fr\/wp-json\/wp\/v2\/categories?post=18764"},{"taxonomy":"post_tag","embeddable":true,"href":"https:\/\/www.promarca.ch\/fr\/wp-json\/wp\/v2\/tags?post=18764"}],"curies":[{"name":"wp","href":"https:\/\/api.w.org\/{rel}","templated":true}]}}