{"id":7404,"date":"2020-07-23T14:34:28","date_gmt":"2020-07-23T14:34:28","guid":{"rendered":"https:\/\/www.promarca.ch\/?p=7404"},"modified":"2020-08-24T08:22:28","modified_gmt":"2020-08-24T08:22:28","slug":"__trashed-2","status":"publish","type":"post","link":"https:\/\/www.promarca.ch\/fr\/__trashed-2\/","title":{"rendered":"Une savoureuse association de tradition et de progr\u00e8s"},"content":{"rendered":"<h3>L\u2019interview avec Thomas P. Meier, CEO Ricola Group SA (juin 2020)<\/h3>\n<p><em>Vous venez de recevoir, pour la deuxi\u00e8me fois, le prix Brand of the Year de la marque la plus digne de confiance des membres de Promarca. Que repr\u00e9sente cette r\u00e9compense pour vous\u00a0?<\/em><\/p>\n<p>Mes \u00e9quipes et moi-m\u00eame, au sein de Ricola, sommes tr\u00e8s heureux de cette distinction. Nous remercions chaleureusement nos clientes et nos clients pour la confiance qu\u2019ils nous t\u00e9moignent. Nous sommes fiers qu\u2019ils soient satisfaits de la qualit\u00e9 de nos produits et convaincus de notre prestation promise. Ricola a toujours eu \u00e0 c\u0153ur de cultiver une relation de confiance avec sa client\u00e8le. C\u2019est plus que jamais le cas aujourd\u2019hui.<\/p>\n<p>&nbsp;<\/p>\n<p><em>Ricola rencontre le succ\u00e8s depuis 1930. Quel est votre secret\u00a0? <\/em><\/p>\n<p>Aujourd\u2019hui comme hier, la qualit\u00e9 suisse a tr\u00e8s bonne presse \u00e0 l\u2019\u00e9tranger. Mais il est hors de question de nous reposer sur cette image positive. Chez Ricola, nous mettons tout en \u0153uvre pour r\u00e9pondre aux attentes de qualit\u00e9 suisse, de A \u00e0 Z. Cela commence par une r\u00e9flexion et une activit\u00e9 qui s\u2019inscrivent dans la dur\u00e9e\u00a0: ainsi, nos herbes sont cultiv\u00e9es dans le respect des directives de Bio Suisse, par des herboristes avec lesquels nous collaborons \u00e9troitement depuis des d\u00e9cennies.<\/p>\n<p>En outre, nous suivons de pr\u00e8s la qualit\u00e9 de nos mati\u00e8res premi\u00e8res et de nos produits, de la r\u00e9colte des herbes jusqu\u2019au bonbon. Nous entretenons avec nos collaborateurs, nos partenaires et nos fournisseurs des liens \u00e9troits, qui reposent sur le respect et une confiance mutuelle. C\u2019est \u00e9galement de l\u00e0 que d\u00e9coule notre qualit\u00e9. Je pense que tous ces crit\u00e8res sont autant appr\u00e9ci\u00e9s en Suisse qu\u2019\u00e0 l\u2019\u00e9tranger.<\/p>\n<p><em>\u00a0<\/em><\/p>\n<p><em>Comment d\u00e9cririez-vous la marque Ricola et quel est le produit qui rencontre le plus de succ\u00e8s\u00a0?<\/em><\/p>\n<p>L\u2019ADN de Ricola est une savoureuse association de tradition et de progr\u00e8s, visant \u00e0 transformer des herbes des Alpes suisses, naturelles et saines, en d\u00e9licieux bonbons. C\u2019est gr\u00e2ce \u00e0 cet ADN que nous parvenons \u00e0 cr\u00e9er, encore et encore, des produits bienfaisants, d\u2019une qualit\u00e9 exceptionnelle.<\/p>\n<p>Le produit le plus appr\u00e9ci\u00e9 est le Ricola Original, le sucre aux herbes suisses, reconnaissable \u00e0 sa forme rectangulaire. Aujourd\u2019hui encore, sa recette, constitu\u00e9e d\u2019un m\u00e9lange de 13\u00a0herbes, est la base de tous les bonbons Ricola. Mais les vari\u00e9t\u00e9s m\u00e9lisse citronnelle ou miel-sauge sont elles aussi tr\u00e8s populaires.<\/p>\n<p><em>\u00a0<\/em><\/p>\n<p><em>Comment ont \u00e9volu\u00e9 les besoins de vos fans au fil des ans et comment vous assurez-vous que leur enthousiasme perdurera encore dans dix\u00a0ans\u00a0?<\/em><\/p>\n<p>Naturel, d\u00e9veloppement durable et sant\u00e9. \u00c0 l\u2019heure actuelle, ces trois tendances ont le vent en poupe aupr\u00e8s des consommateurs. Mais nous ne devons pas non plus n\u00e9gliger le plaisir. Au final, le bonbon doit aussi avoir bon go\u00fbt.<\/p>\n<p>Chez Ricola, nous misons \u00e9norm\u00e9ment sur les valeurs traditionnelles tout en restant ouverts aux id\u00e9es neuves et innovantes. Nous n\u2019abandonnons pas notre ADN. Au contraire, nous l\u2019exploitons encore davantage. L\u2019innovation passe non seulement par le d\u00e9veloppement de nouveaux produits, mais aussi par de nouveaux moyens de dialoguer avec nos consommateurs, de travailler nos herbes ou de distribuer nos bonbons, pour que nos produits puissent toucher encore plus de gens \u00e0 travers le monde.<\/p>\n","protected":false},"excerpt":{"rendered":"<p>L\u2019interview avec Thomas P. Meier, CEO Ricola Group SA (juin 2020) Vous venez de recevoir, pour la deuxi\u00e8me fois, le prix Brand of the Year de la marque la plus digne de confiance des membres de Promarca. Que repr\u00e9sente cette r\u00e9compense pour vous\u00a0? Mes \u00e9quipes et moi-m\u00eame, au sein de Ricola, sommes tr\u00e8s heureux de [&hellip;]<\/p>\n","protected":false},"author":2,"featured_media":8011,"comment_status":"open","ping_status":"closed","sticky":false,"template":"","format":"standard","meta":{"_monsterinsights_skip_tracking":false,"_monsterinsights_sitenote_active":false,"_monsterinsights_sitenote_note":"","_monsterinsights_sitenote_category":0,"footnotes":""},"categories":[467],"tags":[],"class_list":["post-7404","post","type-post","status-publish","format-standard","has-post-thumbnail","hentry","category-blog-fr"],"yoast_head":"<!-- This site is optimized with the Yoast SEO plugin v27.5 - https:\/\/yoast.com\/product\/yoast-seo-wordpress\/ -->\n<title>Une savoureuse association de tradition et de progr\u00e8s - Promarca<\/title>\n<meta name=\"robots\" content=\"index, follow, max-snippet:-1, max-image-preview:large, max-video-preview:-1\" \/>\n<link rel=\"canonical\" href=\"https:\/\/www.promarca.ch\/fr\/__trashed-2\/\" \/>\n<meta property=\"og:locale\" content=\"fr_FR\" \/>\n<meta property=\"og:type\" content=\"article\" \/>\n<meta property=\"og:title\" content=\"Une savoureuse association de tradition et de progr\u00e8s - Promarca\" \/>\n<meta property=\"og:description\" content=\"L\u2019interview avec Thomas P. Meier, CEO Ricola Group SA (juin 2020) Vous venez de recevoir, pour la deuxi\u00e8me fois, le prix Brand of the Year de la marque la plus digne de confiance des membres de Promarca. Que repr\u00e9sente cette r\u00e9compense pour vous\u00a0? Mes \u00e9quipes et moi-m\u00eame, au sein de Ricola, sommes tr\u00e8s heureux de [&hellip;]\" \/>\n<meta property=\"og:url\" content=\"https:\/\/www.promarca.ch\/fr\/__trashed-2\/\" \/>\n<meta property=\"og:site_name\" content=\"Promarca\" \/>\n<meta property=\"article:published_time\" content=\"2020-07-23T14:34:28+00:00\" \/>\n<meta property=\"article:modified_time\" content=\"2020-08-24T08:22:28+00:00\" \/>\n<meta property=\"og:image\" content=\"https:\/\/www.promarca.ch\/wp-content\/uploads\/2020\/08\/Thomas-Meier_RicolaCEO-scaled.jpg\" \/>\n\t<meta property=\"og:image:width\" content=\"2560\" \/>\n\t<meta property=\"og:image:height\" content=\"1709\" \/>\n\t<meta property=\"og:image:type\" content=\"image\/jpeg\" \/>\n<meta name=\"author\" content=\"admin-bloom\" \/>\n<meta name=\"twitter:card\" content=\"summary_large_image\" \/>\n<meta name=\"twitter:label1\" content=\"\u00c9crit par\" \/>\n\t<meta name=\"twitter:data1\" content=\"admin-bloom\" \/>\n\t<meta name=\"twitter:label2\" content=\"Dur\u00e9e de lecture estim\u00e9e\" \/>\n\t<meta name=\"twitter:data2\" content=\"3 minutes\" \/>\n<script type=\"application\/ld+json\" class=\"yoast-schema-graph\">{\"@context\":\"https:\\\/\\\/schema.org\",\"@graph\":[{\"@type\":\"Article\",\"@id\":\"https:\\\/\\\/www.promarca.ch\\\/fr\\\/__trashed-2\\\/#article\",\"isPartOf\":{\"@id\":\"https:\\\/\\\/www.promarca.ch\\\/fr\\\/__trashed-2\\\/\"},\"author\":{\"name\":\"admin-bloom\",\"@id\":\"https:\\\/\\\/www.promarca.ch\\\/fr\\\/#\\\/schema\\\/person\\\/8b2f18b1b76f5599f76d5ef6ab47b5a1\"},\"headline\":\"Une savoureuse association de tradition et de progr\u00e8s\",\"datePublished\":\"2020-07-23T14:34:28+00:00\",\"dateModified\":\"2020-08-24T08:22:28+00:00\",\"mainEntityOfPage\":{\"@id\":\"https:\\\/\\\/www.promarca.ch\\\/fr\\\/__trashed-2\\\/\"},\"wordCount\":573,\"commentCount\":0,\"image\":{\"@id\":\"https:\\\/\\\/www.promarca.ch\\\/fr\\\/__trashed-2\\\/#primaryimage\"},\"thumbnailUrl\":\"https:\\\/\\\/www.promarca.ch\\\/wp-content\\\/uploads\\\/2020\\\/08\\\/Thomas-Meier_RicolaCEO-scaled.jpg\",\"articleSection\":[\"Blog\"],\"inLanguage\":\"fr-FR\",\"potentialAction\":[{\"@type\":\"CommentAction\",\"name\":\"Comment\",\"target\":[\"https:\\\/\\\/www.promarca.ch\\\/fr\\\/__trashed-2\\\/#respond\"]}]},{\"@type\":\"WebPage\",\"@id\":\"https:\\\/\\\/www.promarca.ch\\\/fr\\\/__trashed-2\\\/\",\"url\":\"https:\\\/\\\/www.promarca.ch\\\/fr\\\/__trashed-2\\\/\",\"name\":\"Une savoureuse association de tradition et de progr\u00e8s - Promarca\",\"isPartOf\":{\"@id\":\"https:\\\/\\\/www.promarca.ch\\\/fr\\\/#website\"},\"primaryImageOfPage\":{\"@id\":\"https:\\\/\\\/www.promarca.ch\\\/fr\\\/__trashed-2\\\/#primaryimage\"},\"image\":{\"@id\":\"https:\\\/\\\/www.promarca.ch\\\/fr\\\/__trashed-2\\\/#primaryimage\"},\"thumbnailUrl\":\"https:\\\/\\\/www.promarca.ch\\\/wp-content\\\/uploads\\\/2020\\\/08\\\/Thomas-Meier_RicolaCEO-scaled.jpg\",\"datePublished\":\"2020-07-23T14:34:28+00:00\",\"dateModified\":\"2020-08-24T08:22:28+00:00\",\"author\":{\"@id\":\"https:\\\/\\\/www.promarca.ch\\\/fr\\\/#\\\/schema\\\/person\\\/8b2f18b1b76f5599f76d5ef6ab47b5a1\"},\"breadcrumb\":{\"@id\":\"https:\\\/\\\/www.promarca.ch\\\/fr\\\/__trashed-2\\\/#breadcrumb\"},\"inLanguage\":\"fr-FR\",\"potentialAction\":[{\"@type\":\"ReadAction\",\"target\":[\"https:\\\/\\\/www.promarca.ch\\\/fr\\\/__trashed-2\\\/\"]}]},{\"@type\":\"ImageObject\",\"inLanguage\":\"fr-FR\",\"@id\":\"https:\\\/\\\/www.promarca.ch\\\/fr\\\/__trashed-2\\\/#primaryimage\",\"url\":\"https:\\\/\\\/www.promarca.ch\\\/wp-content\\\/uploads\\\/2020\\\/08\\\/Thomas-Meier_RicolaCEO-scaled.jpg\",\"contentUrl\":\"https:\\\/\\\/www.promarca.ch\\\/wp-content\\\/uploads\\\/2020\\\/08\\\/Thomas-Meier_RicolaCEO-scaled.jpg\",\"width\":2560,\"height\":1709},{\"@type\":\"BreadcrumbList\",\"@id\":\"https:\\\/\\\/www.promarca.ch\\\/fr\\\/__trashed-2\\\/#breadcrumb\",\"itemListElement\":[{\"@type\":\"ListItem\",\"position\":1,\"name\":\"Home\",\"item\":\"https:\\\/\\\/www.promarca.ch\\\/fr\\\/\"},{\"@type\":\"ListItem\",\"position\":2,\"name\":\"Une savoureuse association de tradition et de progr\u00e8s\"}]},{\"@type\":\"WebSite\",\"@id\":\"https:\\\/\\\/www.promarca.ch\\\/fr\\\/#website\",\"url\":\"https:\\\/\\\/www.promarca.ch\\\/fr\\\/\",\"name\":\"Promarca\",\"description\":\"Schweizerischer Markenartikelverband\",\"potentialAction\":[{\"@type\":\"SearchAction\",\"target\":{\"@type\":\"EntryPoint\",\"urlTemplate\":\"https:\\\/\\\/www.promarca.ch\\\/fr\\\/?s={search_term_string}\"},\"query-input\":{\"@type\":\"PropertyValueSpecification\",\"valueRequired\":true,\"valueName\":\"search_term_string\"}}],\"inLanguage\":\"fr-FR\"},{\"@type\":\"Person\",\"@id\":\"https:\\\/\\\/www.promarca.ch\\\/fr\\\/#\\\/schema\\\/person\\\/8b2f18b1b76f5599f76d5ef6ab47b5a1\",\"name\":\"admin-bloom\",\"image\":{\"@type\":\"ImageObject\",\"inLanguage\":\"fr-FR\",\"@id\":\"https:\\\/\\\/secure.gravatar.com\\\/avatar\\\/90bb61360c9575c3915e8f81afce20bd40d95bd6ec875db7f6b43811023537e0?s=96&d=mm&r=g\",\"url\":\"https:\\\/\\\/secure.gravatar.com\\\/avatar\\\/90bb61360c9575c3915e8f81afce20bd40d95bd6ec875db7f6b43811023537e0?s=96&d=mm&r=g\",\"contentUrl\":\"https:\\\/\\\/secure.gravatar.com\\\/avatar\\\/90bb61360c9575c3915e8f81afce20bd40d95bd6ec875db7f6b43811023537e0?s=96&d=mm&r=g\",\"caption\":\"admin-bloom\"},\"url\":\"https:\\\/\\\/www.promarca.ch\\\/fr\\\/author\\\/admin-bloom\\\/\"}]}<\/script>\n<!-- \/ Yoast SEO plugin. -->","yoast_head_json":{"title":"Une savoureuse association de tradition et de progr\u00e8s - Promarca","robots":{"index":"index","follow":"follow","max-snippet":"max-snippet:-1","max-image-preview":"max-image-preview:large","max-video-preview":"max-video-preview:-1"},"canonical":"https:\/\/www.promarca.ch\/fr\/__trashed-2\/","og_locale":"fr_FR","og_type":"article","og_title":"Une savoureuse association de tradition et de progr\u00e8s - Promarca","og_description":"L\u2019interview avec Thomas P. Meier, CEO Ricola Group SA (juin 2020) Vous venez de recevoir, pour la deuxi\u00e8me fois, le prix Brand of the Year de la marque la plus digne de confiance des membres de Promarca. Que repr\u00e9sente cette r\u00e9compense pour vous\u00a0? Mes \u00e9quipes et moi-m\u00eame, au sein de Ricola, sommes tr\u00e8s heureux de [&hellip;]","og_url":"https:\/\/www.promarca.ch\/fr\/__trashed-2\/","og_site_name":"Promarca","article_published_time":"2020-07-23T14:34:28+00:00","article_modified_time":"2020-08-24T08:22:28+00:00","og_image":[{"width":2560,"height":1709,"url":"https:\/\/www.promarca.ch\/wp-content\/uploads\/2020\/08\/Thomas-Meier_RicolaCEO-scaled.jpg","type":"image\/jpeg"}],"author":"admin-bloom","twitter_card":"summary_large_image","twitter_misc":{"\u00c9crit par":"admin-bloom","Dur\u00e9e de lecture estim\u00e9e":"3 minutes"},"schema":{"@context":"https:\/\/schema.org","@graph":[{"@type":"Article","@id":"https:\/\/www.promarca.ch\/fr\/__trashed-2\/#article","isPartOf":{"@id":"https:\/\/www.promarca.ch\/fr\/__trashed-2\/"},"author":{"name":"admin-bloom","@id":"https:\/\/www.promarca.ch\/fr\/#\/schema\/person\/8b2f18b1b76f5599f76d5ef6ab47b5a1"},"headline":"Une savoureuse association de tradition et de progr\u00e8s","datePublished":"2020-07-23T14:34:28+00:00","dateModified":"2020-08-24T08:22:28+00:00","mainEntityOfPage":{"@id":"https:\/\/www.promarca.ch\/fr\/__trashed-2\/"},"wordCount":573,"commentCount":0,"image":{"@id":"https:\/\/www.promarca.ch\/fr\/__trashed-2\/#primaryimage"},"thumbnailUrl":"https:\/\/www.promarca.ch\/wp-content\/uploads\/2020\/08\/Thomas-Meier_RicolaCEO-scaled.jpg","articleSection":["Blog"],"inLanguage":"fr-FR","potentialAction":[{"@type":"CommentAction","name":"Comment","target":["https:\/\/www.promarca.ch\/fr\/__trashed-2\/#respond"]}]},{"@type":"WebPage","@id":"https:\/\/www.promarca.ch\/fr\/__trashed-2\/","url":"https:\/\/www.promarca.ch\/fr\/__trashed-2\/","name":"Une savoureuse association de tradition et de progr\u00e8s - Promarca","isPartOf":{"@id":"https:\/\/www.promarca.ch\/fr\/#website"},"primaryImageOfPage":{"@id":"https:\/\/www.promarca.ch\/fr\/__trashed-2\/#primaryimage"},"image":{"@id":"https:\/\/www.promarca.ch\/fr\/__trashed-2\/#primaryimage"},"thumbnailUrl":"https:\/\/www.promarca.ch\/wp-content\/uploads\/2020\/08\/Thomas-Meier_RicolaCEO-scaled.jpg","datePublished":"2020-07-23T14:34:28+00:00","dateModified":"2020-08-24T08:22:28+00:00","author":{"@id":"https:\/\/www.promarca.ch\/fr\/#\/schema\/person\/8b2f18b1b76f5599f76d5ef6ab47b5a1"},"breadcrumb":{"@id":"https:\/\/www.promarca.ch\/fr\/__trashed-2\/#breadcrumb"},"inLanguage":"fr-FR","potentialAction":[{"@type":"ReadAction","target":["https:\/\/www.promarca.ch\/fr\/__trashed-2\/"]}]},{"@type":"ImageObject","inLanguage":"fr-FR","@id":"https:\/\/www.promarca.ch\/fr\/__trashed-2\/#primaryimage","url":"https:\/\/www.promarca.ch\/wp-content\/uploads\/2020\/08\/Thomas-Meier_RicolaCEO-scaled.jpg","contentUrl":"https:\/\/www.promarca.ch\/wp-content\/uploads\/2020\/08\/Thomas-Meier_RicolaCEO-scaled.jpg","width":2560,"height":1709},{"@type":"BreadcrumbList","@id":"https:\/\/www.promarca.ch\/fr\/__trashed-2\/#breadcrumb","itemListElement":[{"@type":"ListItem","position":1,"name":"Home","item":"https:\/\/www.promarca.ch\/fr\/"},{"@type":"ListItem","position":2,"name":"Une savoureuse association de tradition et de progr\u00e8s"}]},{"@type":"WebSite","@id":"https:\/\/www.promarca.ch\/fr\/#website","url":"https:\/\/www.promarca.ch\/fr\/","name":"Promarca","description":"Schweizerischer Markenartikelverband","potentialAction":[{"@type":"SearchAction","target":{"@type":"EntryPoint","urlTemplate":"https:\/\/www.promarca.ch\/fr\/?s={search_term_string}"},"query-input":{"@type":"PropertyValueSpecification","valueRequired":true,"valueName":"search_term_string"}}],"inLanguage":"fr-FR"},{"@type":"Person","@id":"https:\/\/www.promarca.ch\/fr\/#\/schema\/person\/8b2f18b1b76f5599f76d5ef6ab47b5a1","name":"admin-bloom","image":{"@type":"ImageObject","inLanguage":"fr-FR","@id":"https:\/\/secure.gravatar.com\/avatar\/90bb61360c9575c3915e8f81afce20bd40d95bd6ec875db7f6b43811023537e0?s=96&d=mm&r=g","url":"https:\/\/secure.gravatar.com\/avatar\/90bb61360c9575c3915e8f81afce20bd40d95bd6ec875db7f6b43811023537e0?s=96&d=mm&r=g","contentUrl":"https:\/\/secure.gravatar.com\/avatar\/90bb61360c9575c3915e8f81afce20bd40d95bd6ec875db7f6b43811023537e0?s=96&d=mm&r=g","caption":"admin-bloom"},"url":"https:\/\/www.promarca.ch\/fr\/author\/admin-bloom\/"}]}},"_links":{"self":[{"href":"https:\/\/www.promarca.ch\/fr\/wp-json\/wp\/v2\/posts\/7404","targetHints":{"allow":["GET"]}}],"collection":[{"href":"https:\/\/www.promarca.ch\/fr\/wp-json\/wp\/v2\/posts"}],"about":[{"href":"https:\/\/www.promarca.ch\/fr\/wp-json\/wp\/v2\/types\/post"}],"author":[{"embeddable":true,"href":"https:\/\/www.promarca.ch\/fr\/wp-json\/wp\/v2\/users\/2"}],"replies":[{"embeddable":true,"href":"https:\/\/www.promarca.ch\/fr\/wp-json\/wp\/v2\/comments?post=7404"}],"version-history":[{"count":0,"href":"https:\/\/www.promarca.ch\/fr\/wp-json\/wp\/v2\/posts\/7404\/revisions"}],"wp:featuredmedia":[{"embeddable":true,"href":"https:\/\/www.promarca.ch\/fr\/wp-json\/wp\/v2\/media\/8011"}],"wp:attachment":[{"href":"https:\/\/www.promarca.ch\/fr\/wp-json\/wp\/v2\/media?parent=7404"}],"wp:term":[{"taxonomy":"category","embeddable":true,"href":"https:\/\/www.promarca.ch\/fr\/wp-json\/wp\/v2\/categories?post=7404"},{"taxonomy":"post_tag","embeddable":true,"href":"https:\/\/www.promarca.ch\/fr\/wp-json\/wp\/v2\/tags?post=7404"}],"curies":[{"name":"wp","href":"https:\/\/api.w.org\/{rel}","templated":true}]}}