{"id":9752,"date":"2020-10-10T10:37:28","date_gmt":"2020-10-10T10:37:28","guid":{"rendered":"https:\/\/www.promarca.ch\/?p=9752"},"modified":"2022-10-26T05:38:38","modified_gmt":"2022-10-26T05:38:38","slug":"acht-fragen-an-felix-schumacher","status":"publish","type":"post","link":"https:\/\/www.promarca.ch\/fr\/acht-fragen-an-felix-schumacher\/","title":{"rendered":"8 Fragen an Felix Schumacher"},"content":{"rendered":"<p>Thomas Breitlinger im<a href=\"https:\/\/documentcloud.adobe.com\/link\/track?uri=urn:aaid:scds:US:28513b92-e010-40c0-9cea-ec68d0dee46b\"> Interview<\/a> mit Felix Schumacher, Gesch\u00e4ftsf\u00fchrer von Andros Schweiz. Andros ist ein Familienunternehmen, dessen Sitz sich inmitten der Obstg\u00e4rten im S\u00fcdwesten Frankreichs befindet. Dank der St\u00e4rke der internationalen Organisation und ihrer 25 Werke produziert und vertreibt Andros vier Hauptkategorien von Produkten: verarbeitete\u00a0 Fr\u00fcchte, Milchprodukte, S\u00fcsswaren und Kekse. Andros besch\u00e4ftigt rund 8000 Mitarbeiterinnen und Mitarbeiter. Andros Schweiz befindet sich seit der Gr\u00fcndung 1995 in Nyon (Kanton Waadt) und besch\u00e4ftigt 55 Mitarbeiterinnen und Mitarbeiter. Felix Schumacher liess sich bis 1995 zum Betriebs\u00f6konomen ausbilden. Anschliessend war er vier Jahre im Marketing von 3M und vier Jahre im Verkauf von Lindt. Seit 2003 ist er Gesch\u00e4ftsf\u00fchrer von Andros Schweiz. Das Interview finden Sie unter PDF.<\/p>\n<p>&nbsp;<\/p>\n<p>Dies ist eine Kooperation zwischen PROMARCA<sup>TM<\/sup>\u00a0 und pers\u00f6nlich\u00a0\u2013\u00a0dem Schweizer Kommunikationsmagazin f\u00fcr Entscheider und Meinungsf\u00fchrer.<\/p>\n<p>&nbsp;<\/p>\n<p>&nbsp;<\/p>\n","protected":false},"excerpt":{"rendered":"<p>Thomas Breitlinger im Interview mit Felix Schumacher, Gesch\u00e4ftsf\u00fchrer von Andros Schweiz. Andros ist ein Familienunternehmen, dessen Sitz sich inmitten der Obstg\u00e4rten im S\u00fcdwesten Frankreichs befindet. Dank der St\u00e4rke der internationalen Organisation und ihrer 25 Werke produziert und vertreibt Andros vier Hauptkategorien von Produkten: verarbeitete\u00a0 Fr\u00fcchte, Milchprodukte, S\u00fcsswaren und Kekse. Andros besch\u00e4ftigt rund 8000 Mitarbeiterinnen und [&hellip;]<\/p>\n","protected":false},"author":5,"featured_media":9794,"comment_status":"open","ping_status":"closed","sticky":false,"template":"","format":"standard","meta":{"_monsterinsights_skip_tracking":false,"_monsterinsights_sitenote_active":false,"_monsterinsights_sitenote_note":"","_monsterinsights_sitenote_category":0,"footnotes":""},"categories":[467],"tags":[],"class_list":["post-9752","post","type-post","status-publish","format-standard","has-post-thumbnail","hentry","category-blog-fr"],"yoast_head":"<!-- This site is optimized with the Yoast SEO plugin v27.3 - https:\/\/yoast.com\/product\/yoast-seo-wordpress\/ -->\n<title>8 Fragen an Felix Schumacher - Promarca<\/title>\n<meta name=\"robots\" content=\"index, follow, max-snippet:-1, max-image-preview:large, max-video-preview:-1\" \/>\n<link rel=\"canonical\" href=\"https:\/\/www.promarca.ch\/fr\/acht-fragen-an-felix-schumacher\/\" \/>\n<meta property=\"og:locale\" content=\"fr_FR\" \/>\n<meta property=\"og:type\" content=\"article\" \/>\n<meta property=\"og:title\" content=\"8 Fragen an Felix Schumacher - Promarca\" \/>\n<meta property=\"og:description\" content=\"Thomas Breitlinger im Interview mit Felix Schumacher, Gesch\u00e4ftsf\u00fchrer von Andros Schweiz. Andros ist ein Familienunternehmen, dessen Sitz sich inmitten der Obstg\u00e4rten im S\u00fcdwesten Frankreichs befindet. Dank der St\u00e4rke der internationalen Organisation und ihrer 25 Werke produziert und vertreibt Andros vier Hauptkategorien von Produkten: verarbeitete\u00a0 Fr\u00fcchte, Milchprodukte, S\u00fcsswaren und Kekse. Andros besch\u00e4ftigt rund 8000 Mitarbeiterinnen und [&hellip;]\" \/>\n<meta property=\"og:url\" content=\"https:\/\/www.promarca.ch\/fr\/acht-fragen-an-felix-schumacher\/\" \/>\n<meta property=\"og:site_name\" content=\"Promarca\" \/>\n<meta property=\"article:published_time\" content=\"2020-10-10T10:37:28+00:00\" \/>\n<meta property=\"article:modified_time\" content=\"2022-10-26T05:38:38+00:00\" \/>\n<meta property=\"og:image\" content=\"https:\/\/www.promarca.ch\/wp-content\/uploads\/2021\/02\/Felix-Schumacher-scaled.jpg\" \/>\n\t<meta property=\"og:image:width\" content=\"2560\" \/>\n\t<meta property=\"og:image:height\" content=\"1785\" \/>\n\t<meta property=\"og:image:type\" content=\"image\/jpeg\" \/>\n<meta name=\"author\" content=\"Nathalie\" \/>\n<meta name=\"twitter:card\" content=\"summary_large_image\" \/>\n<meta name=\"twitter:label1\" content=\"\u00c9crit par\" \/>\n\t<meta name=\"twitter:data1\" content=\"Nathalie\" \/>\n\t<meta name=\"twitter:label2\" content=\"Dur\u00e9e de lecture estim\u00e9e\" \/>\n\t<meta name=\"twitter:data2\" content=\"1 minute\" \/>\n<script type=\"application\/ld+json\" class=\"yoast-schema-graph\">{\"@context\":\"https:\\\/\\\/schema.org\",\"@graph\":[{\"@type\":\"Article\",\"@id\":\"https:\\\/\\\/www.promarca.ch\\\/fr\\\/acht-fragen-an-felix-schumacher\\\/#article\",\"isPartOf\":{\"@id\":\"https:\\\/\\\/www.promarca.ch\\\/fr\\\/acht-fragen-an-felix-schumacher\\\/\"},\"author\":{\"name\":\"Nathalie\",\"@id\":\"https:\\\/\\\/www.promarca.ch\\\/fr\\\/#\\\/schema\\\/person\\\/86532ee9e0814d0e37fb1441ae913484\"},\"headline\":\"8 Fragen an Felix Schumacher\",\"datePublished\":\"2020-10-10T10:37:28+00:00\",\"dateModified\":\"2022-10-26T05:38:38+00:00\",\"mainEntityOfPage\":{\"@id\":\"https:\\\/\\\/www.promarca.ch\\\/fr\\\/acht-fragen-an-felix-schumacher\\\/\"},\"wordCount\":145,\"commentCount\":0,\"image\":{\"@id\":\"https:\\\/\\\/www.promarca.ch\\\/fr\\\/acht-fragen-an-felix-schumacher\\\/#primaryimage\"},\"thumbnailUrl\":\"https:\\\/\\\/www.promarca.ch\\\/wp-content\\\/uploads\\\/2021\\\/02\\\/Felix-Schumacher-scaled.jpg\",\"articleSection\":[\"Blog\"],\"inLanguage\":\"fr-FR\",\"potentialAction\":[{\"@type\":\"CommentAction\",\"name\":\"Comment\",\"target\":[\"https:\\\/\\\/www.promarca.ch\\\/fr\\\/acht-fragen-an-felix-schumacher\\\/#respond\"]}]},{\"@type\":\"WebPage\",\"@id\":\"https:\\\/\\\/www.promarca.ch\\\/fr\\\/acht-fragen-an-felix-schumacher\\\/\",\"url\":\"https:\\\/\\\/www.promarca.ch\\\/fr\\\/acht-fragen-an-felix-schumacher\\\/\",\"name\":\"8 Fragen an Felix Schumacher - Promarca\",\"isPartOf\":{\"@id\":\"https:\\\/\\\/www.promarca.ch\\\/fr\\\/#website\"},\"primaryImageOfPage\":{\"@id\":\"https:\\\/\\\/www.promarca.ch\\\/fr\\\/acht-fragen-an-felix-schumacher\\\/#primaryimage\"},\"image\":{\"@id\":\"https:\\\/\\\/www.promarca.ch\\\/fr\\\/acht-fragen-an-felix-schumacher\\\/#primaryimage\"},\"thumbnailUrl\":\"https:\\\/\\\/www.promarca.ch\\\/wp-content\\\/uploads\\\/2021\\\/02\\\/Felix-Schumacher-scaled.jpg\",\"datePublished\":\"2020-10-10T10:37:28+00:00\",\"dateModified\":\"2022-10-26T05:38:38+00:00\",\"author\":{\"@id\":\"https:\\\/\\\/www.promarca.ch\\\/fr\\\/#\\\/schema\\\/person\\\/86532ee9e0814d0e37fb1441ae913484\"},\"breadcrumb\":{\"@id\":\"https:\\\/\\\/www.promarca.ch\\\/fr\\\/acht-fragen-an-felix-schumacher\\\/#breadcrumb\"},\"inLanguage\":\"fr-FR\",\"potentialAction\":[{\"@type\":\"ReadAction\",\"target\":[\"https:\\\/\\\/www.promarca.ch\\\/fr\\\/acht-fragen-an-felix-schumacher\\\/\"]}]},{\"@type\":\"ImageObject\",\"inLanguage\":\"fr-FR\",\"@id\":\"https:\\\/\\\/www.promarca.ch\\\/fr\\\/acht-fragen-an-felix-schumacher\\\/#primaryimage\",\"url\":\"https:\\\/\\\/www.promarca.ch\\\/wp-content\\\/uploads\\\/2021\\\/02\\\/Felix-Schumacher-scaled.jpg\",\"contentUrl\":\"https:\\\/\\\/www.promarca.ch\\\/wp-content\\\/uploads\\\/2021\\\/02\\\/Felix-Schumacher-scaled.jpg\",\"width\":2560,\"height\":1785},{\"@type\":\"BreadcrumbList\",\"@id\":\"https:\\\/\\\/www.promarca.ch\\\/fr\\\/acht-fragen-an-felix-schumacher\\\/#breadcrumb\",\"itemListElement\":[{\"@type\":\"ListItem\",\"position\":1,\"name\":\"Home\",\"item\":\"https:\\\/\\\/www.promarca.ch\\\/fr\\\/\"},{\"@type\":\"ListItem\",\"position\":2,\"name\":\"8 Fragen an Felix Schumacher\"}]},{\"@type\":\"WebSite\",\"@id\":\"https:\\\/\\\/www.promarca.ch\\\/fr\\\/#website\",\"url\":\"https:\\\/\\\/www.promarca.ch\\\/fr\\\/\",\"name\":\"Promarca\",\"description\":\"Schweizerischer Markenartikelverband\",\"potentialAction\":[{\"@type\":\"SearchAction\",\"target\":{\"@type\":\"EntryPoint\",\"urlTemplate\":\"https:\\\/\\\/www.promarca.ch\\\/fr\\\/?s={search_term_string}\"},\"query-input\":{\"@type\":\"PropertyValueSpecification\",\"valueRequired\":true,\"valueName\":\"search_term_string\"}}],\"inLanguage\":\"fr-FR\"},{\"@type\":\"Person\",\"@id\":\"https:\\\/\\\/www.promarca.ch\\\/fr\\\/#\\\/schema\\\/person\\\/86532ee9e0814d0e37fb1441ae913484\",\"name\":\"Nathalie\",\"image\":{\"@type\":\"ImageObject\",\"inLanguage\":\"fr-FR\",\"@id\":\"https:\\\/\\\/secure.gravatar.com\\\/avatar\\\/e8e0e4d204aa12e106eab25109f7520bfbfffdb021980b9393b02c0d38abe27a?s=96&d=mm&r=g\",\"url\":\"https:\\\/\\\/secure.gravatar.com\\\/avatar\\\/e8e0e4d204aa12e106eab25109f7520bfbfffdb021980b9393b02c0d38abe27a?s=96&d=mm&r=g\",\"contentUrl\":\"https:\\\/\\\/secure.gravatar.com\\\/avatar\\\/e8e0e4d204aa12e106eab25109f7520bfbfffdb021980b9393b02c0d38abe27a?s=96&d=mm&r=g\",\"caption\":\"Nathalie\"},\"sameAs\":[\"http:\\\/\\\/www.promarca.ch\"],\"url\":\"https:\\\/\\\/www.promarca.ch\\\/fr\\\/author\\\/redakteur\\\/\"}]}<\/script>\n<!-- \/ Yoast SEO plugin. -->","yoast_head_json":{"title":"8 Fragen an Felix Schumacher - Promarca","robots":{"index":"index","follow":"follow","max-snippet":"max-snippet:-1","max-image-preview":"max-image-preview:large","max-video-preview":"max-video-preview:-1"},"canonical":"https:\/\/www.promarca.ch\/fr\/acht-fragen-an-felix-schumacher\/","og_locale":"fr_FR","og_type":"article","og_title":"8 Fragen an Felix Schumacher - Promarca","og_description":"Thomas Breitlinger im Interview mit Felix Schumacher, Gesch\u00e4ftsf\u00fchrer von Andros Schweiz. Andros ist ein Familienunternehmen, dessen Sitz sich inmitten der Obstg\u00e4rten im S\u00fcdwesten Frankreichs befindet. Dank der St\u00e4rke der internationalen Organisation und ihrer 25 Werke produziert und vertreibt Andros vier Hauptkategorien von Produkten: verarbeitete\u00a0 Fr\u00fcchte, Milchprodukte, S\u00fcsswaren und Kekse. Andros besch\u00e4ftigt rund 8000 Mitarbeiterinnen und [&hellip;]","og_url":"https:\/\/www.promarca.ch\/fr\/acht-fragen-an-felix-schumacher\/","og_site_name":"Promarca","article_published_time":"2020-10-10T10:37:28+00:00","article_modified_time":"2022-10-26T05:38:38+00:00","og_image":[{"width":2560,"height":1785,"url":"https:\/\/www.promarca.ch\/wp-content\/uploads\/2021\/02\/Felix-Schumacher-scaled.jpg","type":"image\/jpeg"}],"author":"Nathalie","twitter_card":"summary_large_image","twitter_misc":{"\u00c9crit par":"Nathalie","Dur\u00e9e de lecture estim\u00e9e":"1 minute"},"schema":{"@context":"https:\/\/schema.org","@graph":[{"@type":"Article","@id":"https:\/\/www.promarca.ch\/fr\/acht-fragen-an-felix-schumacher\/#article","isPartOf":{"@id":"https:\/\/www.promarca.ch\/fr\/acht-fragen-an-felix-schumacher\/"},"author":{"name":"Nathalie","@id":"https:\/\/www.promarca.ch\/fr\/#\/schema\/person\/86532ee9e0814d0e37fb1441ae913484"},"headline":"8 Fragen an Felix Schumacher","datePublished":"2020-10-10T10:37:28+00:00","dateModified":"2022-10-26T05:38:38+00:00","mainEntityOfPage":{"@id":"https:\/\/www.promarca.ch\/fr\/acht-fragen-an-felix-schumacher\/"},"wordCount":145,"commentCount":0,"image":{"@id":"https:\/\/www.promarca.ch\/fr\/acht-fragen-an-felix-schumacher\/#primaryimage"},"thumbnailUrl":"https:\/\/www.promarca.ch\/wp-content\/uploads\/2021\/02\/Felix-Schumacher-scaled.jpg","articleSection":["Blog"],"inLanguage":"fr-FR","potentialAction":[{"@type":"CommentAction","name":"Comment","target":["https:\/\/www.promarca.ch\/fr\/acht-fragen-an-felix-schumacher\/#respond"]}]},{"@type":"WebPage","@id":"https:\/\/www.promarca.ch\/fr\/acht-fragen-an-felix-schumacher\/","url":"https:\/\/www.promarca.ch\/fr\/acht-fragen-an-felix-schumacher\/","name":"8 Fragen an Felix Schumacher - Promarca","isPartOf":{"@id":"https:\/\/www.promarca.ch\/fr\/#website"},"primaryImageOfPage":{"@id":"https:\/\/www.promarca.ch\/fr\/acht-fragen-an-felix-schumacher\/#primaryimage"},"image":{"@id":"https:\/\/www.promarca.ch\/fr\/acht-fragen-an-felix-schumacher\/#primaryimage"},"thumbnailUrl":"https:\/\/www.promarca.ch\/wp-content\/uploads\/2021\/02\/Felix-Schumacher-scaled.jpg","datePublished":"2020-10-10T10:37:28+00:00","dateModified":"2022-10-26T05:38:38+00:00","author":{"@id":"https:\/\/www.promarca.ch\/fr\/#\/schema\/person\/86532ee9e0814d0e37fb1441ae913484"},"breadcrumb":{"@id":"https:\/\/www.promarca.ch\/fr\/acht-fragen-an-felix-schumacher\/#breadcrumb"},"inLanguage":"fr-FR","potentialAction":[{"@type":"ReadAction","target":["https:\/\/www.promarca.ch\/fr\/acht-fragen-an-felix-schumacher\/"]}]},{"@type":"ImageObject","inLanguage":"fr-FR","@id":"https:\/\/www.promarca.ch\/fr\/acht-fragen-an-felix-schumacher\/#primaryimage","url":"https:\/\/www.promarca.ch\/wp-content\/uploads\/2021\/02\/Felix-Schumacher-scaled.jpg","contentUrl":"https:\/\/www.promarca.ch\/wp-content\/uploads\/2021\/02\/Felix-Schumacher-scaled.jpg","width":2560,"height":1785},{"@type":"BreadcrumbList","@id":"https:\/\/www.promarca.ch\/fr\/acht-fragen-an-felix-schumacher\/#breadcrumb","itemListElement":[{"@type":"ListItem","position":1,"name":"Home","item":"https:\/\/www.promarca.ch\/fr\/"},{"@type":"ListItem","position":2,"name":"8 Fragen an Felix Schumacher"}]},{"@type":"WebSite","@id":"https:\/\/www.promarca.ch\/fr\/#website","url":"https:\/\/www.promarca.ch\/fr\/","name":"Promarca","description":"Schweizerischer Markenartikelverband","potentialAction":[{"@type":"SearchAction","target":{"@type":"EntryPoint","urlTemplate":"https:\/\/www.promarca.ch\/fr\/?s={search_term_string}"},"query-input":{"@type":"PropertyValueSpecification","valueRequired":true,"valueName":"search_term_string"}}],"inLanguage":"fr-FR"},{"@type":"Person","@id":"https:\/\/www.promarca.ch\/fr\/#\/schema\/person\/86532ee9e0814d0e37fb1441ae913484","name":"Nathalie","image":{"@type":"ImageObject","inLanguage":"fr-FR","@id":"https:\/\/secure.gravatar.com\/avatar\/e8e0e4d204aa12e106eab25109f7520bfbfffdb021980b9393b02c0d38abe27a?s=96&d=mm&r=g","url":"https:\/\/secure.gravatar.com\/avatar\/e8e0e4d204aa12e106eab25109f7520bfbfffdb021980b9393b02c0d38abe27a?s=96&d=mm&r=g","contentUrl":"https:\/\/secure.gravatar.com\/avatar\/e8e0e4d204aa12e106eab25109f7520bfbfffdb021980b9393b02c0d38abe27a?s=96&d=mm&r=g","caption":"Nathalie"},"sameAs":["http:\/\/www.promarca.ch"],"url":"https:\/\/www.promarca.ch\/fr\/author\/redakteur\/"}]}},"_links":{"self":[{"href":"https:\/\/www.promarca.ch\/fr\/wp-json\/wp\/v2\/posts\/9752","targetHints":{"allow":["GET"]}}],"collection":[{"href":"https:\/\/www.promarca.ch\/fr\/wp-json\/wp\/v2\/posts"}],"about":[{"href":"https:\/\/www.promarca.ch\/fr\/wp-json\/wp\/v2\/types\/post"}],"author":[{"embeddable":true,"href":"https:\/\/www.promarca.ch\/fr\/wp-json\/wp\/v2\/users\/5"}],"replies":[{"embeddable":true,"href":"https:\/\/www.promarca.ch\/fr\/wp-json\/wp\/v2\/comments?post=9752"}],"version-history":[{"count":2,"href":"https:\/\/www.promarca.ch\/fr\/wp-json\/wp\/v2\/posts\/9752\/revisions"}],"predecessor-version":[{"id":13103,"href":"https:\/\/www.promarca.ch\/fr\/wp-json\/wp\/v2\/posts\/9752\/revisions\/13103"}],"wp:featuredmedia":[{"embeddable":true,"href":"https:\/\/www.promarca.ch\/fr\/wp-json\/wp\/v2\/media\/9794"}],"wp:attachment":[{"href":"https:\/\/www.promarca.ch\/fr\/wp-json\/wp\/v2\/media?parent=9752"}],"wp:term":[{"taxonomy":"category","embeddable":true,"href":"https:\/\/www.promarca.ch\/fr\/wp-json\/wp\/v2\/categories?post=9752"},{"taxonomy":"post_tag","embeddable":true,"href":"https:\/\/www.promarca.ch\/fr\/wp-json\/wp\/v2\/tags?post=9752"}],"curies":[{"name":"wp","href":"https:\/\/api.w.org\/{rel}","templated":true}]}}